{
  "http://en.wikipedia.org/wiki/Ver\u00EDssimo_de_Souza_Freitas" : { "http://xmlns.com/foaf/0.1/primaryTopic" : [ { "type" : "uri", "value" : "http://dbpedia.org/resource/Ver\u00EDssimo_de_Souza_Freitas" } ] } ,
  "http://dbpedia.org/resource/Church_and_Convent_of_Our_Lady_of_the_Palm" : { "http://dbpedia.org/ontology/wikiPageWikiLink" : [ { "type" : "uri", "value" : "http://dbpedia.org/resource/Ver\u00EDssimo_de_Souza_Freitas" } ] } ,
  "http://dbpedia.org/resource/Church_and_Convent_of_Saint_Antony_and_Chapel_of_the_Third_Order" : { "http://dbpedia.org/ontology/wikiPageWikiLink" : [ { "type" : "uri", "value" : "http://dbpedia.org/resource/Ver\u00EDssimo_de_Souza_Freitas" } ] } ,
  "http://dbpedia.org/resource/Ver\u00EDssimo_de_Souza_Freitas" : { "http://www.w3.org/1999/02/22-rdf-syntax-ns#type" : [ { "type" : "uri", "value" : "http://www.wikidata.org/entity/Q215627" } ,
      { "type" : "uri", "value" : "http://www.wikidata.org/entity/Q19088" } ,
      { "type" : "uri", "value" : "http://dbpedia.org/ontology/Artist" } ,
      { "type" : "uri", "value" : "http://dbpedia.org/ontology/Eukaryote" } ,
      { "type" : "uri", "value" : "http://dbpedia.org/ontology/Species" } ,
      { "type" : "uri", "value" : "http://dbpedia.org/ontology/Person" } ,
      { "type" : "uri", "value" : "http://dbpedia.org/ontology/Animal" } ,
      { "type" : "uri", "value" : "http://www.w3.org/2002/07/owl#Thing" } ,
      { "type" : "uri", "value" : "http://www.wikidata.org/entity/Q5" } ,
      { "type" : "uri", "value" : "http://xmlns.com/foaf/0.1/Person" } ,
      { "type" : "uri", "value" : "http://www.wikidata.org/entity/Q483501" } ,
      { "type" : "uri", "value" : "http://www.ontologydesignpatterns.org/ont/dul/DUL.owl#NaturalPerson" } ,
      { "type" : "uri", "value" : "http://www.wikidata.org/entity/Q729" } ,
      { "type" : "uri", "value" : "http://schema.org/Person" } ] ,
    "http://www.w3.org/2002/07/owl#sameAs" : [ { "type" : "uri", "value" : "http://pt.dbpedia.org/resource/Ver\u00EDssimo_de_Freitas" } ,
      { "type" : "uri", "value" : "http://www.wikidata.org/entity/Q10389930" } ,
      { "type" : "uri", "value" : "http://dbpedia.org/resource/Ver\u00EDssimo_de_Souza_Freitas" } ,
      { "type" : "uri", "value" : "https://global.dbpedia.org/id/7qbz" } ] ,
    "http://xmlns.com/foaf/0.1/name" : [ { "type" : "literal", "value" : "Ver\u00EDssimo de Freitas" , "lang" : "en" } ] ,
    "http://www.w3.org/2000/01/rdf-schema#label" : [ { "type" : "literal", "value" : "Ver\u00EDssimo de Freitas" , "lang" : "pt" } ,
      { "type" : "literal", "value" : "Ver\u00EDssimo de Souza Freitas" , "lang" : "en" } ] ,
    "http://purl.org/dc/terms/subject" : [ { "type" : "uri", "value" : "http://dbpedia.org/resource/Category:18th-century_male_artists" } ,
      { "type" : "uri", "value" : "http://dbpedia.org/resource/Category:Artists_from_Salvador,_Bahia" } ,
      { "type" : "uri", "value" : "http://dbpedia.org/resource/Category:18th-century_Brazilian_painters" } ,
      { "type" : "uri", "value" : "http://dbpedia.org/resource/Category:19th-century_Brazilian_artists" } ,
      { "type" : "uri", "value" : "http://dbpedia.org/resource/Category:19th-century_Brazilian_painters" } ,
      { "type" : "uri", "value" : "http://dbpedia.org/resource/Category:19th-century_Brazilian_male_artists" } ,
      { "type" : "uri", "value" : "http://dbpedia.org/resource/Category:Baroque_painters" } ,
      { "type" : "uri", "value" : "http://dbpedia.org/resource/Category:18th-century_Brazilian_artists" } ,
      { "type" : "uri", "value" : "http://dbpedia.org/resource/Category:Year_of_birth_uncertain" } ,
      { "type" : "uri", "value" : "http://dbpedia.org/resource/Category:Afro-Brazilian_people" } ,
      { "type" : "uri", "value" : "http://dbpedia.org/resource/Category:Brazilian_male_painters" } ,
      { "type" : "uri", "value" : "http://dbpedia.org/resource/Category:Brazilian_people_of_Portuguese_descent" } ,
      { "type" : "uri", "value" : "http://dbpedia.org/resource/Category:1806_deaths" } ] ,
    "http://www.w3.org/ns/prov#wasDerivedFrom" : [ { "type" : "uri", "value" : "http://en.wikipedia.org/wiki/Ver\u00EDssimo_de_Souza_Freitas?oldid=1308195471&ns=0" } ] ,
    "http://xmlns.com/foaf/0.1/isPrimaryTopicOf" : [ { "type" : "uri", "value" : "http://en.wikipedia.org/wiki/Ver\u00EDssimo_de_Souza_Freitas" } ] ,
    "http://dbpedia.org/property/deathPlace" : [ { "type" : "uri", "value" : "http://dbpedia.org/resource/Salvador,_Bahia" } ,
      { "type" : "uri", "value" : "http://dbpedia.org/resource/Colonial_Brazil" } ] ,
    "http://dbpedia.org/property/deathDate" : [ { "type" : "literal", "value" : 1806 , "datatype" : "http://www.w3.org/2001/XMLSchema#integer" } ] ,
    "http://dbpedia.org/ontology/deathPlace" : [ { "type" : "uri", "value" : "http://dbpedia.org/resource/Colonial_Brazil" } ,
      { "type" : "uri", "value" : "http://dbpedia.org/resource/Salvador,_Bahia" } ] ,
    "http://dbpedia.org/ontology/movement" : [ { "type" : "uri", "value" : "http://dbpedia.org/resource/Portuguese_colonial_architecture" } ] ,
    "http://dbpedia.org/property/name" : [ { "type" : "literal", "value" : "Ver\u00EDssimo de Freitas" , "lang" : "en" } ] ,
    "http://dbpedia.org/ontology/birthPlace" : [ { "type" : "uri", "value" : "http://dbpedia.org/resource/Colonial_Brazil" } ,
      { "type" : "uri", "value" : "http://dbpedia.org/resource/Salvador,_Bahia" } ] ,
    "http://dbpedia.org/property/birthPlace" : [ { "type" : "uri", "value" : "http://dbpedia.org/resource/Colonial_Brazil" } ,
      { "type" : "uri", "value" : "http://dbpedia.org/resource/Salvador,_Bahia" } ] ,
    "http://dbpedia.org/property/knownFor" : [ { "type" : "uri", "value" : "http://dbpedia.org/resource/Painting" } ] ,
    "http://dbpedia.org/property/movement" : [ { "type" : "uri", "value" : "http://dbpedia.org/resource/Baroque" } ,
      { "type" : "uri", "value" : "http://dbpedia.org/resource/Portuguese_colonial_architecture" } ] ,
    "http://dbpedia.org/ontology/wikiPageWikiLink" : [ { "type" : "uri", "value" : "http://dbpedia.org/resource/Category:Brazilian_people_of_African_descent" } ,
      { "type" : "uri", "value" : "http://dbpedia.org/resource/Church_and_Convent_of_Our_Lady_of_the_Conception_of_Lapa" } ,
      { "type" : "uri", "value" : "http://dbpedia.org/resource/Salvador,_Bahia" } ,
      { "type" : "uri", "value" : "http://dbpedia.org/resource/Portuguese_colonial_architecture" } ,
      { "type" : "uri", "value" : "http://dbpedia.org/resource/Colonial_Brazil" } ,
      { "type" : "uri", "value" : "http://dbpedia.org/resource/Church_(building)" } ,
      { "type" : "uri", "value" : "http://dbpedia.org/resource/Bahia" } ,
      { "type" : "uri", "value" : "http://dbpedia.org/resource/Category:People_from_Salvador,_Bahia" } ,
      { "type" : "uri", "value" : "http://dbpedia.org/resource/Category:18th-century_Brazilian_people" } ,
      { "type" : "uri", "value" : "http://dbpedia.org/resource/Painter" } ,
      { "type" : "uri", "value" : "http://dbpedia.org/resource/Baroque" } ,
      { "type" : "uri", "value" : "http://dbpedia.org/resource/Church_and_Convent_of_Saint_Antony_and_Chapel_of_the_Third_Order" } ,
      { "type" : "uri", "value" : "http://dbpedia.org/resource/Category:Brazilian_people_of_Portuguese_descent" } ,
      { "type" : "uri", "value" : "http://dbpedia.org/resource/Category:18th-century_male_artists" } ,
      { "type" : "uri", "value" : "http://dbpedia.org/resource/Category:18th-century_Brazilian_painters" } ,
      { "type" : "uri", "value" : "http://dbpedia.org/resource/Church_and_Monastery_of_Saint_Benedict" } ,
      { "type" : "uri", "value" : "http://dbpedia.org/resource/Joaquim_Jos\u00E9_da_Rocha" } ,
      { "type" : "uri", "value" : "http://dbpedia.org/resource/Convent_of_Bom_Jesus_dos_Perd\u00F5es_and_Chapel_of_Mercy" } ,
      { "type" : "uri", "value" : "http://dbpedia.org/resource/Church_and_Convent_of_Our_Lady_of_the_Palm" } ,
      { "type" : "uri", "value" : "http://dbpedia.org/resource/Painting" } ,
      { "type" : "uri", "value" : "http://dbpedia.org/resource/Category:Baroque_painters" } ,
      { "type" : "uri", "value" : "http://dbpedia.org/resource/Category:19th-century_Brazilian_people" } ,
      { "type" : "uri", "value" : "http://dbpedia.org/resource/Category:Year_of_birth_uncertain" } ,
      { "type" : "uri", "value" : "http://dbpedia.org/resource/Afro-Brazilians" } ,
      { "type" : "uri", "value" : "http://dbpedia.org/resource/Category:19th-century_Brazilian_male_artists" } ,
      { "type" : "uri", "value" : "http://dbpedia.org/resource/Category:19th-century_Brazilian_painters" } ,
      { "type" : "uri", "value" : "http://dbpedia.org/resource/S\u00E3o_Francisco_do_Conde" } ,
      { "type" : "uri", "value" : "http://dbpedia.org/resource/Trompe-l'\u0153il" } ,
      { "type" : "uri", "value" : "http://dbpedia.org/resource/Category:1806_deaths" } ] ,
    "http://dbpedia.org/ontology/description" : [ { "type" : "literal", "value" : "kunstschilder uit Brazili\u00EB" , "lang" : "nl" } ,
      { "type" : "literal", "value" : "pittore brasiliano" , "lang" : "it" } ,
      { "type" : "literal", "value" : "\u09AC\u09CD\u09B0\u09BE\u099C\u09BF\u09B2\u09C0\u09AF\u09BC \u099A\u09BF\u09A4\u09CD\u09B0\u09B6\u09BF\u09B2\u09CD\u09AA\u09C0" , "lang" : "bn" } ,
      { "type" : "literal", "value" : "Brasiilia maalikunstnik" , "lang" : "et" } ,
      { "type" : "literal", "value" : "peintre br\u00E9silien" , "lang" : "fr" } ,
      { "type" : "literal", "value" : "\uBE0C\uB77C\uC9C8\uC758 \uD654\uAC00" , "lang" : "ko" } ,
      { "type" : "literal", "value" : "\u30D6\u30E9\u30B8\u30EB\u306E\u753B\u5BB6" , "lang" : "ja" } ,
      { "type" : "literal", "value" : "\u05E6\u05D9\u05D9\u05E8 \u05D1\u05E8\u05D6\u05D9\u05DC\u05D0\u05D9" , "lang" : "iw" } ,
      { "type" : "literal", "value" : "\u0631\u0633\u0627\u0645 \u0628\u0631\u0627\u0632\u064A\u0644\u064A" , "lang" : "ar" } ,
      { "type" : "literal", "value" : "pintor brasiler" , "lang" : "ca" } ,
      { "type" : "literal", "value" : "piktor brazilian" , "lang" : "sq" } ,
      { "type" : "literal", "value" : "Brazilian painter (1758-1806)" , "lang" : "en" } ,
      { "type" : "literal", "value" : "pintor brasile\u00F1o" , "lang" : "pap" } ,
      { "type" : "literal", "value" : "brasilianischer Maler" , "lang" : "de" } ,
      { "type" : "literal", "value" : "pintor brasileiro" , "lang" : "pt" } ,
      { "type" : "literal", "value" : "pictor brazilian" , "lang" : "ro" } ,
      { "type" : "literal", "value" : "pintor brasile\u00F1o" , "lang" : "es" } ,
      { "type" : "literal", "value" : "pintor brasileiro" , "lang" : "gl" } ,
      { "type" : "literal", "value" : "margolari brasildarra" , "lang" : "eu" } ,
      { "type" : "literal", "value" : "p\u00E9int\u00E9ir Brasa\u00EDleach" , "lang" : "ga" } ,
      { "type" : "literal", "value" : "pintor brasilanu (1758\u20131806)" , "lang" : "ast" } ,
      { "type" : "literal", "value" : "\u5DF4\u897F\u7684\u756B\u5BB6" , "lang" : "zh" } ] ,
    "http://dbpedia.org/property/wikiPageUsesTemplate" : [ { "type" : "uri", "value" : "http://dbpedia.org/resource/Template:Short_description" } ,
      { "type" : "uri", "value" : "http://dbpedia.org/resource/Template:Reflist" } ,
      { "type" : "uri", "value" : "http://dbpedia.org/resource/Template:Infobox_artist" } ] }
}
