{
  "http://en.wikipedia.org/wiki/Timo_Fransen" : { "http://xmlns.com/foaf/0.1/primaryTopic" : [ { "type" : "uri", "value" : "http://dbpedia.org/resource/Timo_Fransen" } ] } ,
  "http://dbpedia.org/resource/Netherlands_at_the_2020_Summer_Paralympics" : { "http://dbpedia.org/ontology/wikiPageWikiLink" : [ { "type" : "uri", "value" : "http://dbpedia.org/resource/Timo_Fransen" } ] } ,
  "http://dbpedia.org/resource/Cycling_at_the_2020_Summer_Paralympics_\u2013_Men's_road_time_trial_B" : { "http://dbpedia.org/ontology/wikiPageWikiLink" : [ { "type" : "uri", "value" : "http://dbpedia.org/resource/Timo_Fransen" } ] } ,
  "http://dbpedia.org/resource/Vincent_ter_Schure" : { "http://dbpedia.org/ontology/wikiPageWikiLink" : [ { "type" : "uri", "value" : "http://dbpedia.org/resource/Timo_Fransen" } ] } ,
  "http://dbpedia.org/resource/Cycling_at_the_2020_Summer_Paralympics" : { "http://dbpedia.org/ontology/wikiPageWikiLink" : [ { "type" : "uri", "value" : "http://dbpedia.org/resource/Timo_Fransen" } ] } ,
  "http://dbpedia.org/resource/Timo_Fransen" : { "http://www.w3.org/1999/02/22-rdf-syntax-ns#type" : [ { "type" : "uri", "value" : "http://www.w3.org/2002/07/owl#Thing" } ,
      { "type" : "uri", "value" : "http://schema.org/Person" } ,
      { "type" : "uri", "value" : "http://dbpedia.org/ontology/Eukaryote" } ,
      { "type" : "uri", "value" : "http://dbpedia.org/ontology/Animal" } ,
      { "type" : "uri", "value" : "http://dbpedia.org/ontology/Athlete" } ,
      { "type" : "uri", "value" : "http://www.wikidata.org/entity/Q215627" } ,
      { "type" : "uri", "value" : "http://www.wikidata.org/entity/Q19088" } ,
      { "type" : "uri", "value" : "http://dbpedia.org/ontology/Species" } ,
      { "type" : "uri", "value" : "http://xmlns.com/foaf/0.1/Person" } ,
      { "type" : "uri", "value" : "http://www.wikidata.org/entity/Q5" } ,
      { "type" : "uri", "value" : "http://www.wikidata.org/entity/Q2066131" } ,
      { "type" : "uri", "value" : "http://www.ontologydesignpatterns.org/ont/dul/DUL.owl#NaturalPerson" } ,
      { "type" : "uri", "value" : "http://dbpedia.org/ontology/Person" } ,
      { "type" : "uri", "value" : "http://www.wikidata.org/entity/Q729" } ] ,
    "http://www.w3.org/2002/07/owl#sameAs" : [ { "type" : "uri", "value" : "http://www.wikidata.org/entity/Q28934562" } ,
      { "type" : "uri", "value" : "https://global.dbpedia.org/id/2gfwJ" } ,
      { "type" : "uri", "value" : "http://dbpedia.org/resource/Timo_Fransen" } ,
      { "type" : "uri", "value" : "http://nl.dbpedia.org/resource/Timo_Fransen" } ] ,
    "http://xmlns.com/foaf/0.1/name" : [ { "type" : "literal", "value" : "Timo Fransen" , "lang" : "en" } ] ,
    "http://www.w3.org/2000/01/rdf-schema#label" : [ { "type" : "literal", "value" : "Timo Fransen" , "lang" : "en" } ,
      { "type" : "literal", "value" : "Timo Fransen" , "lang" : "nl" } ] ,
    "http://purl.org/dc/terms/subject" : [ { "type" : "uri", "value" : "http://dbpedia.org/resource/Category:Medalists_at_the_2016_Summer_Paralympics" } ,
      { "type" : "uri", "value" : "http://dbpedia.org/resource/Category:21st-century_Dutch_sportsmen" } ,
      { "type" : "uri", "value" : "http://dbpedia.org/resource/Category:Dutch_male_cyclists" } ,
      { "type" : "uri", "value" : "http://dbpedia.org/resource/Category:Medalists_at_the_2020_Summer_Paralympics" } ,
      { "type" : "uri", "value" : "http://dbpedia.org/resource/Category:People_from_Westervoort" } ,
      { "type" : "uri", "value" : "http://dbpedia.org/resource/Category:Cyclists_at_the_2016_Summer_Paralympics" } ,
      { "type" : "uri", "value" : "http://dbpedia.org/resource/Category:Paralympic_medalists_in_cycling" } ,
      { "type" : "uri", "value" : "http://dbpedia.org/resource/Category:Cyclists_at_the_2024_Summer_Paralympics" } ,
      { "type" : "uri", "value" : "http://dbpedia.org/resource/Category:1987_births" } ,
      { "type" : "uri", "value" : "http://dbpedia.org/resource/Category:Cyclists_at_the_2020_Summer_Paralympics" } ,
      { "type" : "uri", "value" : "http://dbpedia.org/resource/Category:Paralympic_cyclists_for_the_Netherlands" } ,
      { "type" : "uri", "value" : "http://dbpedia.org/resource/Category:Paralympic_bronze_medalists_for_the_Netherlands" } ,
      { "type" : "uri", "value" : "http://dbpedia.org/resource/Category:Paralympic_silver_medalists_for_the_Netherlands" } ,
      { "type" : "uri", "value" : "http://dbpedia.org/resource/Category:Paralympic_gold_medalists_for_the_Netherlands" } ,
      { "type" : "uri", "value" : "http://dbpedia.org/resource/Category:Medalists_at_the_2024_Summer_Paralympics" } ,
      { "type" : "uri", "value" : "http://dbpedia.org/resource/Category:Living_people" } ,
      { "type" : "uri", "value" : "http://dbpedia.org/resource/Category:Cyclists_from_Gelderland" } ] ,
    "http://www.w3.org/ns/prov#wasDerivedFrom" : [ { "type" : "uri", "value" : "http://en.wikipedia.org/wiki/Timo_Fransen?oldid=1257953830&ns=0" } ] ,
    "http://dbpedia.org/ontology/wikiPageWikiLink" : [ { "type" : "uri", "value" : "http://dbpedia.org/resource/Category:Cyclists_at_the_2020_Summer_Paralympics" } ,
      { "type" : "uri", "value" : "http://dbpedia.org/resource/2016_Summer_Paralympics" } ,
      { "type" : "uri", "value" : "http://dbpedia.org/resource/Category:Paralympic_silver_medalists_for_the_Netherlands" } ,
      { "type" : "uri", "value" : "http://dbpedia.org/resource/Category:People_from_Westervoort" } ,
      { "type" : "uri", "value" : "http://dbpedia.org/resource/Vincent_ter_Schure" } ,
      { "type" : "uri", "value" : "http://dbpedia.org/resource/Category:Paralympic_gold_medalists_for_the_Netherlands" } ,
      { "type" : "uri", "value" : "http://dbpedia.org/resource/Westervoort" } ,
      { "type" : "uri", "value" : "http://dbpedia.org/resource/Category:21st-century_Dutch_people" } ,
      { "type" : "uri", "value" : "http://dbpedia.org/resource/Summer_Paralympics" } ,
      { "type" : "uri", "value" : "http://dbpedia.org/resource/Category:Cyclists_from_Gelderland" } ,
      { "type" : "uri", "value" : "http://dbpedia.org/resource/Larissa_Klaassen" } ,
      { "type" : "uri", "value" : "http://dbpedia.org/resource/Category:Medalists_at_the_2020_Summer_Paralympics" } ,
      { "type" : "uri", "value" : "http://dbpedia.org/resource/Category:Dutch_male_cyclists" } ,
      { "type" : "uri", "value" : "http://dbpedia.org/resource/Category:Medalists_at_the_2016_Summer_Paralympics" } ,
      { "type" : "uri", "value" : "http://dbpedia.org/resource/Imke_Brommer" } ,
      { "type" : "uri", "value" : "http://dbpedia.org/resource/Cycling_at_the_2020_Summer_Paralympics_\u2013_Men's_road_time_trial_B" } ,
      { "type" : "uri", "value" : "http://dbpedia.org/resource/Category:1987_births" } ,
      { "type" : "uri", "value" : "http://dbpedia.org/resource/Netherlands_at_the_2016_Summer_Paralympics" } ,
      { "type" : "uri", "value" : "http://dbpedia.org/resource/Category:Cyclists_at_the_2016_Summer_Paralympics" } ,
      { "type" : "uri", "value" : "http://dbpedia.org/resource/Cycling_at_the_2016_Summer_Paralympics" } ,
      { "type" : "uri", "value" : "http://dbpedia.org/resource/Emmen,_Netherlands" } ,
      { "type" : "uri", "value" : "http://dbpedia.org/resource/Category:Living_people" } ,
      { "type" : "uri", "value" : "http://dbpedia.org/resource/Cycling_at_the_2016_Summer_Paralympics_\u2013_Men's_individual_pursuit_B" } ,
      { "type" : "uri", "value" : "http://dbpedia.org/resource/Cycling_at_the_2016_Summer_Paralympics_\u2013_Men's_road_race_B" } ,
      { "type" : "uri", "value" : "http://dbpedia.org/resource/Cycling_at_the_2020_Summer_Paralympics" } ,
      { "type" : "uri", "value" : "http://dbpedia.org/resource/Category:Paralympic_cyclists_of_the_Netherlands" } ,
      { "type" : "uri", "value" : "http://dbpedia.org/resource/Category:Paralympic_medalists_in_cycling" } ,
      { "type" : "uri", "value" : "http://dbpedia.org/resource/Cycling_at_the_2016_Summer_Paralympics_\u2013_Men's_road_time_trial_B" } ] ,
    "http://dbpedia.org/ontology/description" : [ { "type" : "literal", "value" : "Hollandi jalgrattur" , "lang" : "et" } ,
      { "type" : "literal", "value" : "Dutch cyclist" , "lang" : "en" } ,
      { "type" : "literal", "value" : "Nederlands wielrenner" , "lang" : "nl" } ,
      { "type" : "literal", "value" : "cicliste neerland\u00E8s" , "lang" : "ca" } ,
      { "type" : "literal", "value" : "ciclista neerland\u00E9s" , "lang" : "ast" } ,
      { "type" : "literal", "value" : "ciclista neerland\u00E9s" , "lang" : "gl" } ,
      { "type" : "literal", "value" : "txirrindulari nederlandarra" , "lang" : "eu" } ,
      { "type" : "literal", "value" : "ciclista neerlandese" , "lang" : "it" } ,
      { "type" : "literal", "value" : "\u00E7iklist" , "lang" : "sq" } ,
      { "type" : "literal", "value" : "ciclista neerland\u00EAs" , "lang" : "pt" } ,
      { "type" : "literal", "value" : "ciclist olandez" , "lang" : "ro" } ,
      { "type" : "literal", "value" : "\u0993\u09B2\u09A8\u09CD\u09A6\u09BE\u099C \u09B8\u09BE\u0987\u0995\u09CD\u09B2\u09BF\u09B8\u09CD\u099F" , "lang" : "bn" } ,
      { "type" : "literal", "value" : "\u043D\u0456\u0434\u0435\u0440\u043B\u0430\u043D\u0434\u0441\u044C\u043A\u0438\u0439 \u0432\u0435\u043B\u043E\u0433\u043E\u043D\u0449\u0438\u043A" , "lang" : "uk" } ,
      { "type" : "literal", "value" : "\u0432\u0435\u043B\u043E\u0441\u0438\u043F\u0435\u0434\u0438\u0441\u0442" , "lang" : "mk" } ,
      { "type" : "literal", "value" : "cycliste n\u00E9erlandais" , "lang" : "fr" } ,
      { "type" : "literal", "value" : "\u062F\u0631\u0651\u0627\u062C \u0637\u0631\u064A\u0642 \u0647\u0648\u0644\u0646\u062F\u064A" , "lang" : "ar" } ,
      { "type" : "literal", "value" : "\u05E8\u05D5\u05DB\u05D1 \u05D0\u05D5\u05E4\u05E0\u05D9\u05D9\u05DD \u05D4\u05D5\u05DC\u05E0\u05D3\u05D9" , "lang" : "iw" } ,
      { "type" : "literal", "value" : "ciclista neerland\u00E9s" , "lang" : "es" } ] ,
    "http://dbpedia.org/property/wikiPageUsesTemplate" : [ { "type" : "uri", "value" : "http://dbpedia.org/resource/Template:Infobox_sportsperson" } ,
      { "type" : "uri", "value" : "http://dbpedia.org/resource/Template:MedalSilver" } ,
      { "type" : "uri", "value" : "http://dbpedia.org/resource/Template:Netherlands-cycling-bio-1980s-stub" } ,
      { "type" : "uri", "value" : "http://dbpedia.org/resource/Template:Reflist" } ,
      { "type" : "uri", "value" : "http://dbpedia.org/resource/Template:Short_description" } ,
      { "type" : "uri", "value" : "http://dbpedia.org/resource/Template:Medal" } ,
      { "type" : "uri", "value" : "http://dbpedia.org/resource/Template:Birth_date_and_age" } ,
      { "type" : "uri", "value" : "http://dbpedia.org/resource/Template:Authority_control" } ,
      { "type" : "uri", "value" : "http://dbpedia.org/resource/Template:Netherlands-Paralympic-medalist-stub" } ] ,
    "http://dbpedia.org/property/birthDate" : [ { "type" : "literal", "value" : "1987-06-03" , "datatype" : "http://www.w3.org/2001/XMLSchema#date" } ] ,
    "http://dbpedia.org/property/name" : [ { "type" : "literal", "value" : "Timo Fransen" , "lang" : "en" } ] ,
    "http://dbpedia.org/property/birthPlace" : [ { "type" : "literal", "value" : "Westervoort, Netherlands" , "lang" : "en" } ] ,
    "http://dbpedia.org/ontology/birthPlace" : [ { "type" : "uri", "value" : "http://dbpedia.org/resource/Westervoort" } ] ,
    "http://dbpedia.org/ontology/birthDate" : [ { "type" : "literal", "value" : "1987-06-03" , "datatype" : "http://www.w3.org/2001/XMLSchema#date" } ] ,
    "http://dbpedia.org/property/country" : [ { "type" : "literal", "value" : "Netherlands" , "lang" : "en" } ] ,
    "http://dbpedia.org/property/sport" : [ { "type" : "literal", "value" : "Cycling" , "lang" : "en" } ] ,
    "http://xmlns.com/foaf/0.1/isPrimaryTopicOf" : [ { "type" : "uri", "value" : "http://en.wikipedia.org/wiki/Timo_Fransen" } ] } ,
  "http://dbpedia.org/resource/Cycling_at_the_2020_Summer_Paralympics_\u2013_Men's_road_race_B" : { "http://dbpedia.org/ontology/wikiPageWikiLink" : [ { "type" : "uri", "value" : "http://dbpedia.org/resource/Timo_Fransen" } ] } ,
  "http://dbpedia.org/resource/Cycling_at_the_2016_Summer_Paralympics_\u2013_Men's_individual_pursuit_B" : { "http://dbpedia.org/ontology/wikiPageWikiLink" : [ { "type" : "uri", "value" : "http://dbpedia.org/resource/Timo_Fransen" } ] } ,
  "http://dbpedia.org/resource/Cycling_at_the_2016_Summer_Paralympics_\u2013_Men's_road_race_B" : { "http://dbpedia.org/ontology/wikiPageWikiLink" : [ { "type" : "uri", "value" : "http://dbpedia.org/resource/Timo_Fransen" } ] ,
    "http://dbpedia.org/property/gold" : [ { "type" : "uri", "value" : "http://dbpedia.org/resource/Timo_Fransen" } ] } ,
  "http://dbpedia.org/resource/Cycling_at_the_2016_Summer_Paralympics_\u2013_Men's_road_time_trial_B" : { "http://dbpedia.org/ontology/wikiPageWikiLink" : [ { "type" : "uri", "value" : "http://dbpedia.org/resource/Timo_Fransen" } ] } ,
  "http://dbpedia.org/resource/2017_UCI_Para-cycling_Road_World_Championships" : { "http://dbpedia.org/ontology/wikiPageWikiLink" : [ { "type" : "uri", "value" : "http://dbpedia.org/resource/Timo_Fransen" } ] } ,
  "http://dbpedia.org/resource/Event_winners_at_the_2016_Summer_Paralympics" : { "http://dbpedia.org/ontology/wikiPageWikiLink" : [ { "type" : "uri", "value" : "http://dbpedia.org/resource/Timo_Fransen" } ] } ,
  "http://dbpedia.org/resource/Cycling_at_the_2020_Summer_Paralympics_\u2013_Men's_road_race" : { "http://dbpedia.org/ontology/wikiPageWikiLink" : [ { "type" : "uri", "value" : "http://dbpedia.org/resource/Timo_Fransen" } ] } ,
  "http://dbpedia.org/resource/Cycling_at_the_2020_Summer_Paralympics_\u2013_Men's_road_time_trial" : { "http://dbpedia.org/ontology/wikiPageWikiLink" : [ { "type" : "uri", "value" : "http://dbpedia.org/resource/Timo_Fransen" } ] } ,
  "http://dbpedia.org/resource/2018_UCI_Para-cycling_Road_World_Championships" : { "http://dbpedia.org/ontology/wikiPageWikiLink" : [ { "type" : "uri", "value" : "http://dbpedia.org/resource/Timo_Fransen" } ] } ,
  "http://dbpedia.org/resource/2019_UCI_Para-cycling_Road_World_Championships" : { "http://dbpedia.org/ontology/wikiPageWikiLink" : [ { "type" : "uri", "value" : "http://dbpedia.org/resource/Timo_Fransen" } ] } ,
  "http://dbpedia.org/resource/2021_UCI_Para-cycling_Road_World_Championships" : { "http://dbpedia.org/ontology/wikiPageWikiLink" : [ { "type" : "uri", "value" : "http://dbpedia.org/resource/Timo_Fransen" } ] } ,
  "http://dbpedia.org/resource/2011_UCI_Para-cycling_Track_World_Championships_\u2013_Men's_1_km_time_trial" : { "http://dbpedia.org/ontology/wikiPageWikiLink" : [ { "type" : "uri", "value" : "http://dbpedia.org/resource/Timo_Fransen" } ] } ,
  "http://dbpedia.org/resource/Great_Britain_at_the_2016_Summer_Paralympics" : { "http://dbpedia.org/ontology/wikiPageWikiLink" : [ { "type" : "uri", "value" : "http://dbpedia.org/resource/Timo_Fransen" } ] } ,
  "http://dbpedia.org/resource/Cycling_at_the_2016_Summer_Paralympics_\u2013_Men's_road_time_trial" : { "http://dbpedia.org/ontology/wikiPageWikiLink" : [ { "type" : "uri", "value" : "http://dbpedia.org/resource/Timo_Fransen" } ] } ,
  "http://dbpedia.org/resource/2022_UCI_Para-cycling_Track_World_Championships" : { "http://dbpedia.org/ontology/wikiPageWikiLink" : [ { "type" : "uri", "value" : "http://dbpedia.org/resource/Timo_Fransen" } ] } ,
  "http://dbpedia.org/resource/2019_UCI_Para-cycling_Track_World_Championships" : { "http://dbpedia.org/ontology/wikiPageWikiLink" : [ { "type" : "uri", "value" : "http://dbpedia.org/resource/Timo_Fransen" } ] } ,
  "http://dbpedia.org/resource/Cycling_at_the_2020_Summer_Paralympics_\u2013_Men's_individual_pursuit_B" : { "http://dbpedia.org/ontology/wikiPageWikiLink" : [ { "type" : "uri", "value" : "http://dbpedia.org/resource/Timo_Fransen" } ] } ,
  "http://dbpedia.org/resource/2022_UCI_Para-cycling_Road_World_Championships" : { "http://dbpedia.org/ontology/wikiPageWikiLink" : [ { "type" : "uri", "value" : "http://dbpedia.org/resource/Timo_Fransen" } ] } ,
  "http://dbpedia.org/resource/2011_UCI_Para-cycling_Track_World_Championships_\u2013_Men's_individual_pursuit" : { "http://dbpedia.org/ontology/wikiPageWikiLink" : [ { "type" : "uri", "value" : "http://dbpedia.org/resource/Timo_Fransen" } ] }
}
