{
  "http://en.wikipedia.org/wiki/European_Mobility_Week" : { "http://xmlns.com/foaf/0.1/primaryTopic" : [ { "type" : "uri", "value" : "http://dbpedia.org/resource/European_Mobility_Week" } ] } ,
  "http://dbpedia.org/resource/Switch_E1" : { "http://dbpedia.org/ontology/wikiPageWikiLink" : [ { "type" : "uri", "value" : "http://dbpedia.org/resource/European_Mobility_Week" } ] } ,
  "http://dbpedia.org/resource/Ecovolis" : { "http://dbpedia.org/ontology/wikiPageWikiLink" : [ { "type" : "uri", "value" : "http://dbpedia.org/resource/European_Mobility_Week" } ] } ,
  "http://dbpedia.org/resource/Car-Free_Days" : { "http://dbpedia.org/ontology/wikiPageWikiLink" : [ { "type" : "uri", "value" : "http://dbpedia.org/resource/European_Mobility_Week" } ] } ,
  "http://dbpedia.org/resource/List_of_environmental_dates" : { "http://dbpedia.org/ontology/wikiPageWikiLink" : [ { "type" : "uri", "value" : "http://dbpedia.org/resource/European_Mobility_Week" } ] } ,
  "http://dbpedia.org/resource/Lviv" : { "http://dbpedia.org/ontology/wikiPageWikiLink" : [ { "type" : "uri", "value" : "http://dbpedia.org/resource/European_Mobility_Week" } ] } ,
  "http://dbpedia.org/resource/European_Mobility_Week" : { "http://www.w3.org/2002/07/owl#sameAs" : [ { "type" : "uri", "value" : "http://www.wikidata.org/entity/Q2154534" } ,
      { "type" : "uri", "value" : "https://global.dbpedia.org/id/23Suv" } ,
      { "type" : "uri", "value" : "http://de.dbpedia.org/resource/Europ\u00E4ische_Mobilit\u00E4tswoche" } ,
      { "type" : "uri", "value" : "http://fr.dbpedia.org/resource/Semaine_europ\u00E9enne_de_la_mobilit\u00E9" } ,
      { "type" : "uri", "value" : "http://pt.dbpedia.org/resource/Na_Cidade_sem_Meu_Carro" } ,
      { "type" : "uri", "value" : "http://es.dbpedia.org/resource/Semana_Europea_de_la_Movilidad" } ,
      { "type" : "uri", "value" : "http://dbpedia.org/resource/European_Mobility_Week" } ,
      { "type" : "uri", "value" : "http://cs.dbpedia.org/resource/Evropsk\u00FD_t\u00FDden_mobility" } ] ,
    "http://www.w3.org/2000/01/rdf-schema#label" : [ { "type" : "literal", "value" : "Semaine europ\u00E9enne de la mobilit\u00E9" , "lang" : "fr" } ,
      { "type" : "literal", "value" : "Evropsk\u00FD t\u00FDden mobility" , "lang" : "cs" } ,
      { "type" : "literal", "value" : "Europ\u00E4ische Mobilit\u00E4tswoche" , "lang" : "de" } ,
      { "type" : "literal", "value" : "Na Cidade sem Meu Carro" , "lang" : "pt" } ,
      { "type" : "literal", "value" : "Semana Europea de la Movilidad" , "lang" : "es" } ,
      { "type" : "literal", "value" : "European Mobility Week" , "lang" : "en" } ] ,
    "http://purl.org/dc/terms/subject" : [ { "type" : "uri", "value" : "http://dbpedia.org/resource/Category:European_Commission_projects" } ,
      { "type" : "uri", "value" : "http://dbpedia.org/resource/Category:Car-free_movement" } ,
      { "type" : "uri", "value" : "http://dbpedia.org/resource/Category:Awareness_weeks" } ,
      { "type" : "uri", "value" : "http://dbpedia.org/resource/Category:Road_transport_events" } ,
      { "type" : "uri", "value" : "http://dbpedia.org/resource/Category:2002_establishments_in_Europe" } ,
      { "type" : "uri", "value" : "http://dbpedia.org/resource/Category:Conservation_projects" } ,
      { "type" : "uri", "value" : "http://dbpedia.org/resource/Category:September_observances" } ] ,
    "http://xmlns.com/foaf/0.1/homepage" : [ { "type" : "uri", "value" : "http://www.mobilityweek.eu/" } ] ,
    "http://xmlns.com/foaf/0.1/depiction" : [ { "type" : "uri", "value" : "http://commons.wikimedia.org/wiki/Special:FilePath/Autofreier_Tag_in_Prag.jpg" } ,
      { "type" : "uri", "value" : "http://commons.wikimedia.org/wiki/Special:FilePath/Luxembourg,_la_ville_est_belle_2017_(10).jpg" } ] ,
    "http://www.w3.org/ns/prov#wasDerivedFrom" : [ { "type" : "uri", "value" : "http://en.wikipedia.org/wiki/European_Mobility_Week?oldid=1109034986&ns=0" } ] ,
    "http://xmlns.com/foaf/0.1/isPrimaryTopicOf" : [ { "type" : "uri", "value" : "http://en.wikipedia.org/wiki/European_Mobility_Week" } ] ,
    "http://dbpedia.org/ontology/wikiPageExternalLink" : [ { "type" : "uri", "value" : "http://www.mobilityweek.eu/" } ] ,
    "http://dbpedia.org/ontology/thumbnail" : [ { "type" : "uri", "value" : "http://commons.wikimedia.org/wiki/Special:FilePath/Autofreier_Tag_in_Prag.jpg?width=300" } ] ,
    "http://dbpedia.org/ontology/wikiPageWikiLink" : [ { "type" : "uri", "value" : "http://dbpedia.org/resource/Category:Car-free_movement" } ,
      { "type" : "uri", "value" : "http://dbpedia.org/resource/European_Commission" } ,
      { "type" : "uri", "value" : "http://dbpedia.org/resource/Category:September_observances" } ,
      { "type" : "uri", "value" : "http://dbpedia.org/resource/Car-Free_Days" } ,
      { "type" : "uri", "value" : "http://dbpedia.org/resource/Category:2002_establishments_in_Europe" } ,
      { "type" : "uri", "value" : "http://dbpedia.org/resource/Category:Road_transport_events" } ,
      { "type" : "uri", "value" : "http://dbpedia.org/resource/Category:European_Commission_projects" } ,
      { "type" : "uri", "value" : "http://dbpedia.org/resource/Category:Conservation_projects" } ,
      { "type" : "uri", "value" : "http://dbpedia.org/resource/Sustainable_Urban_Mobility_Plan" } ,
      { "type" : "uri", "value" : "http://dbpedia.org/resource/File:Autofreier_Tag_in_Prag.jpg" } ,
      { "type" : "uri", "value" : "http://dbpedia.org/resource/File:Luxembourg,_la_ville_est_belle_2017_(10).jpg" } ,
      { "type" : "uri", "value" : "http://dbpedia.org/resource/Category:Awareness_weeks" } ,
      { "type" : "uri", "value" : "http://dbpedia.org/resource/Critical_Mass_(cycling)" } ,
      { "type" : "uri", "value" : "http://dbpedia.org/resource/Sharing_economy" } ] ,
    "http://dbpedia.org/ontology/description" : [ { "type" : "literal", "value" : "campa\u00F1a de concienciaci\u00F3n" , "lang" : "es" } ,
      { "type" : "literal", "value" : "Initiative f\u00FCr nachhaltige Mobilit\u00E4t" , "lang" : "de" } ,
      { "type" : "literal", "value" : "iniciativa Evropsk\u00E9 komise pro udr\u017Eitelnou m\u011Bstskou mobilitu" , "lang" : "cs" } ] ,
    "http://dbpedia.org/property/wikiPageUsesTemplate" : [ { "type" : "uri", "value" : "http://dbpedia.org/resource/Template:Portal" } ] } ,
  "http://dbpedia.org/resource/Mari\u00E1nsk\u00E9_n\u00E1m\u011Bst\u00ED" : { "http://dbpedia.org/ontology/wikiPageWikiLink" : [ { "type" : "uri", "value" : "http://dbpedia.org/resource/European_Mobility_Week" } ] }
}
