{
  "http://en.wikipedia.org/wiki/Cora_R\u00F3nai" : { "http://xmlns.com/foaf/0.1/primaryTopic" : [ { "type" : "uri", "value" : "http://dbpedia.org/resource/Cora_R\u00F3nai" } ] } ,
  "http://dbpedia.org/resource/Cora_(name)" : { "http://dbpedia.org/ontology/wikiPageWikiLink" : [ { "type" : "uri", "value" : "http://dbpedia.org/resource/Cora_R\u00F3nai" } ] } ,
  "http://dbpedia.org/resource/Paulo_R\u00F3nai" : { "http://dbpedia.org/ontology/wikiPageWikiLink" : [ { "type" : "uri", "value" : "http://dbpedia.org/resource/Cora_R\u00F3nai" } ] } ,
  "http://dbpedia.org/resource/Cora_R\u00F3nai" : { "http://www.w3.org/1999/02/22-rdf-syntax-ns#type" : [ { "type" : "uri", "value" : "http://dbpedia.org/ontology/Species" } ,
      { "type" : "uri", "value" : "http://www.wikidata.org/entity/Q5" } ,
      { "type" : "uri", "value" : "http://www.ontologydesignpatterns.org/ont/dul/DUL.owl#NaturalPerson" } ,
      { "type" : "uri", "value" : "http://www.wikidata.org/entity/Q215627" } ,
      { "type" : "uri", "value" : "http://www.wikidata.org/entity/Q19088" } ,
      { "type" : "uri", "value" : "http://schema.org/Person" } ,
      { "type" : "uri", "value" : "http://dbpedia.org/ontology/Person" } ,
      { "type" : "uri", "value" : "http://xmlns.com/foaf/0.1/Person" } ,
      { "type" : "uri", "value" : "http://dbpedia.org/ontology/Eukaryote" } ,
      { "type" : "uri", "value" : "http://dbpedia.org/ontology/Animal" } ,
      { "type" : "uri", "value" : "http://www.w3.org/2002/07/owl#Thing" } ,
      { "type" : "uri", "value" : "http://www.wikidata.org/entity/Q729" } ] ,
    "http://www.w3.org/2002/07/owl#sameAs" : [ { "type" : "uri", "value" : "http://pt.dbpedia.org/resource/Cora_R\u00F3nai" } ,
      { "type" : "uri", "value" : "http://sw.dbpedia.org/resource/Cora_R\u00F3nai" } ,
      { "type" : "uri", "value" : "http://d-nb.info/gnd/1057697923" } ,
      { "type" : "uri", "value" : "https://global.dbpedia.org/id/7j2t" } ,
      { "type" : "uri", "value" : "http://ca.dbpedia.org/resource/Cora_R\u00F3nai" } ,
      { "type" : "uri", "value" : "http://viaf.org/viaf/50616433" } ,
      { "type" : "uri", "value" : "http://vi.dbpedia.org/resource/Cora_R\u00F3nai" } ,
      { "type" : "uri", "value" : "http://arz.dbpedia.org/resource/\u0643\u0648\u0631\u0627_\u0631\u0648\u0646\u0627\u0649" } ,
      { "type" : "uri", "value" : "http://dbpedia.org/resource/Cora_R\u00F3nai" } ,
      { "type" : "uri", "value" : "http://www.wikidata.org/entity/Q10260438" } ] ,
    "http://xmlns.com/foaf/0.1/name" : [ { "type" : "literal", "value" : "Cora R\u00F3nai" , "lang" : "en" } ] ,
    "http://www.w3.org/2000/01/rdf-schema#label" : [ { "type" : "literal", "value" : "Cora R\u00F3nai" , "lang" : "ca" } ,
      { "type" : "literal", "value" : "Cora R\u00F3nai" , "lang" : "pt" } ,
      { "type" : "literal", "value" : "Cora R\u00F3nai" , "lang" : "en" } ] ,
    "http://purl.org/dc/terms/subject" : [ { "type" : "uri", "value" : "http://dbpedia.org/resource/Category:21st-century_Brazilian_women_writers" } ,
      { "type" : "uri", "value" : "http://dbpedia.org/resource/Category:Brazilian_photographers" } ,
      { "type" : "uri", "value" : "http://dbpedia.org/resource/Category:20th-century_Brazilian_women_writers" } ,
      { "type" : "uri", "value" : "http://dbpedia.org/resource/Category:Brazilian_women_photographers" } ,
      { "type" : "uri", "value" : "http://dbpedia.org/resource/Category:Living_people" } ,
      { "type" : "uri", "value" : "http://dbpedia.org/resource/Category:Brazilian_women_children's_writers" } ,
      { "type" : "uri", "value" : "http://dbpedia.org/resource/Category:21st-century_Brazilian_writers" } ,
      { "type" : "uri", "value" : "http://dbpedia.org/resource/Category:Brazilian_children's_writers" } ,
      { "type" : "uri", "value" : "http://dbpedia.org/resource/Category:21st-century_Brazilian_women_journalists" } ,
      { "type" : "uri", "value" : "http://dbpedia.org/resource/Category:Brazilian_women_columnists" } ,
      { "type" : "uri", "value" : "http://dbpedia.org/resource/Category:Brazilian_columnists" } ,
      { "type" : "uri", "value" : "http://dbpedia.org/resource/Category:21st-century_Brazilian_journalists" } ,
      { "type" : "uri", "value" : "http://dbpedia.org/resource/Category:20th-century_Brazilian_women_journalists" } ,
      { "type" : "uri", "value" : "http://dbpedia.org/resource/Category:Brazilian_women_environmentalists" } ,
      { "type" : "uri", "value" : "http://dbpedia.org/resource/Category:Writers_from_Rio_de_Janeiro_(city)" } ,
      { "type" : "uri", "value" : "http://dbpedia.org/resource/Category:Journalists_from_Rio_de_Janeiro_(city)" } ,
      { "type" : "uri", "value" : "http://dbpedia.org/resource/Category:20th-century_Brazilian_writers" } ,
      { "type" : "uri", "value" : "http://dbpedia.org/resource/Category:20th-century_Brazilian_journalists" } ,
      { "type" : "uri", "value" : "http://dbpedia.org/resource/Category:1953_births" } ,
      { "type" : "uri", "value" : "http://dbpedia.org/resource/Category:Brazilian_environmentalists" } ] ,
    "http://xmlns.com/foaf/0.1/homepage" : [ { "type" : "uri", "value" : "https://www.cronai.wordpress.com" } ] ,
    "http://xmlns.com/foaf/0.1/depiction" : [ { "type" : "uri", "value" : "http://commons.wikimedia.org/wiki/Special:FilePath/Cora_Ronai_(2012).png" } ] ,
    "http://www.w3.org/ns/prov#wasDerivedFrom" : [ { "type" : "uri", "value" : "http://en.wikipedia.org/wiki/Cora_R\u00F3nai?oldid=1298555803&ns=0" } ] ,
    "http://dbpedia.org/ontology/wikiPageWikiLink" : [ { "type" : "uri", "value" : "http://dbpedia.org/resource/Category:Brazilian_journalists" } ,
      { "type" : "uri", "value" : "http://dbpedia.org/resource/Category:20th-century_Brazilian_writers" } ,
      { "type" : "uri", "value" : "http://dbpedia.org/resource/Category:Brazilian_women_environmentalists" } ,
      { "type" : "uri", "value" : "http://dbpedia.org/resource/Category:Brazilian_columnists" } ,
      { "type" : "uri", "value" : "http://dbpedia.org/resource/Correio_Braziliense" } ,
      { "type" : "uri", "value" : "http://dbpedia.org/resource/Category:Brazilian_women_journalists" } ,
      { "type" : "uri", "value" : "http://dbpedia.org/resource/Nora_Tausz_R\u00F3nai" } ,
      { "type" : "uri", "value" : "http://dbpedia.org/resource/Jornal_do_Brasil" } ,
      { "type" : "uri", "value" : "http://dbpedia.org/resource/Bras\u00EDlia" } ,
      { "type" : "uri", "value" : "http://dbpedia.org/resource/Category:Brazilian_women_photographers" } ,
      { "type" : "uri", "value" : "http://dbpedia.org/resource/Folha_de_S.Paulo" } ,
      { "type" : "uri", "value" : "http://dbpedia.org/resource/Twitter" } ,
      { "type" : "uri", "value" : "http://dbpedia.org/resource/Mill\u00F4r_Fernandes" } ,
      { "type" : "uri", "value" : "http://dbpedia.org/resource/Category:Living_people" } ,
      { "type" : "uri", "value" : "http://dbpedia.org/resource/Brazil" } ,
      { "type" : "uri", "value" : "http://dbpedia.org/resource/Category:Writers_from_Rio_de_Janeiro_(city)" } ,
      { "type" : "uri", "value" : "http://dbpedia.org/resource/Category:Brazilian_environmentalists" } ,
      { "type" : "uri", "value" : "http://dbpedia.org/resource/O_Globo" } ,
      { "type" : "uri", "value" : "http://dbpedia.org/resource/Category:20th-century_Brazilian_women_writers" } ,
      { "type" : "uri", "value" : "http://dbpedia.org/resource/Category:Brazilian_women_columnists" } ,
      { "type" : "uri", "value" : "http://dbpedia.org/resource/Category:21st-century_Brazilian_women_writers" } ,
      { "type" : "uri", "value" : "http://dbpedia.org/resource/Category:1953_births" } ,
      { "type" : "uri", "value" : "http://dbpedia.org/resource/Paulo_R\u00F3nai" } ,
      { "type" : "uri", "value" : "http://dbpedia.org/resource/Category:21st-century_Brazilian_writers" } ,
      { "type" : "uri", "value" : "http://dbpedia.org/resource/Rio_de_Janeiro" } ,
      { "type" : "uri", "value" : "http://dbpedia.org/resource/Category:Brazilian_photographers" } ,
      { "type" : "uri", "value" : "http://dbpedia.org/resource/Pr\u00EAmio_Jabuti" } ,
      { "type" : "uri", "value" : "http://dbpedia.org/resource/Category:Brazilian_children's_writers" } ,
      { "type" : "uri", "value" : "http://dbpedia.org/resource/Category:Brazilian_women_children's_writers" } ] ,
    "http://dbpedia.org/ontology/wikiPageExternalLink" : [ { "type" : "uri", "value" : "https://www.cronai.wordpress.com" } ,
      { "type" : "uri", "value" : "http://gshow.globo.com/programas/altas-horas/v2011/AltasHoras/Internas/0,,MUL1553924-17069,00-CORA+RONAI+FALA+SOBRE+A+IMPORTANCIA+DOS+SITES+DE+RELACIONAMENTOS.html" } ,
      { "type" : "uri", "value" : "https://veja.abril.com.br/blog/augusto-nunes/tag/cora-ronai/" } ,
      { "type" : "uri", "value" : "https://twitter.com/cronai" } ,
      { "type" : "uri", "value" : "https://oglobo.globo.com/tecnologia/cora-ronai/" } ,
      { "type" : "uri", "value" : "https://globotv.globo.com/rede-globo/encontro-com-fatima-bernardes/v/ana-rosa-teme-que-as-novas-tecnologias-deixem-a-mente-preguicosa/2683518/" } ,
      { "type" : "uri", "value" : "https://oglobo.globo.com/cultura/arqueologia-emocional-10149908" } ,
      { "type" : "uri", "value" : "https://blogs.oglobo.globo.com/cora-ronai/" } ] ,
    "http://dbpedia.org/ontology/description" : [ { "type" : "literal", "value" : "\u0698\u0648\u0631\u0646\u0627\u0644\u06CC\u0633\u062A \u0628\u0631\u0632\u06CC\u0644\u06CC" , "lang" : "fa" } ,
      { "type" : "literal", "value" : "brazilsk\u00E1 fotografka" , "lang" : "cs" } ,
      { "type" : "literal", "value" : "kazetari brasildarra" , "lang" : "eu" } ,
      { "type" : "literal", "value" : "Brazilian journalist" , "lang" : "en" } ,
      { "type" : "literal", "value" : "\u0431\u0440\u0430\u0437\u0438\u043B\u044C\u0441\u044C\u043A\u0430 \u0436\u0443\u0440\u043D\u0430\u043B\u0456\u0441\u0442\u043A\u0430" , "lang" : "uk" } ,
      { "type" : "literal", "value" : "iriseoir Brasa\u00EDleach" , "lang" : "ga" } ,
      { "type" : "literal", "value" : "periodista brasilera" , "lang" : "ca" } ,
      { "type" : "literal", "value" : "journaliste uit Brazili\u00EB" , "lang" : "nl" } ,
      { "type" : "literal", "value" : "brasilianische Journalistin, Kinderbuchautorin und Fotografin" , "lang" : "de" } ,
      { "type" : "literal", "value" : "jornalista e escritora brasileira" , "lang" : "pt" } ,
      { "type" : "literal", "value" : "Brasiilia ajakirjanik" , "lang" : "et" } ,
      { "type" : "literal", "value" : "periodista brasile\u00F1a" , "lang" : "es" } ,
      { "type" : "literal", "value" : "giornalista brasiliana" , "lang" : "it" } ,
      { "type" : "literal", "value" : "xornalista brasileira" , "lang" : "gl" } ,
      { "type" : "literal", "value" : "journaliste br\u00E9silienne" , "lang" : "fr" } ,
      { "type" : "literal", "value" : "gazetare braziliane" , "lang" : "sq" } ,
      { "type" : "literal", "value" : "\u09AC\u09CD\u09B0\u09BE\u099C\u09BF\u09B2\u09C0\u09AF\u09BC \u09B8\u09BE\u0982\u09AC\u09BE\u09A6\u09BF\u0995" , "lang" : "bn" } ,
      { "type" : "literal", "value" : "\uBE0C\uB77C\uC9C8 \uC800\uB110\uB9AC\uC2A4\uD2B8" , "lang" : "ko" } ,
      { "type" : "literal", "value" : "\u5DF4\u897F\u8A18\u8005" , "lang" : "zh" } ,
      { "type" : "literal", "value" : "periodista brasilana" , "lang" : "ast" } ,
      { "type" : "literal", "value" : "\u05E2\u05D9\u05EA\u05D5\u05E0\u05D0\u05D9\u05EA \u05D1\u05E8\u05D6\u05D9\u05DC\u05D0\u05D9\u05EA" , "lang" : "iw" } ,
      { "type" : "literal", "value" : "\u30D6\u30E9\u30B8\u30EB\u306E\u30B8\u30E3\u30FC\u30CA\u30EA\u30B9\u30C8" , "lang" : "ja" } ,
      { "type" : "literal", "value" : "\u0635\u062D\u0641\u064A\u0629 \u0628\u0631\u0627\u0632\u064A\u0644\u064A\u0629" , "lang" : "ar" } ,
      { "type" : "literal", "value" : "jurnalist\u0103 brazilian\u0103" , "lang" : "ro" } ] ,
    "http://dbpedia.org/ontology/thumbnail" : [ { "type" : "uri", "value" : "http://commons.wikimedia.org/wiki/Special:FilePath/Cora_Ronai_(2012).png?width=300" } ] ,
    "http://dbpedia.org/property/wikiPageUsesTemplate" : [ { "type" : "uri", "value" : "http://dbpedia.org/resource/Template:Webarchive" } ,
      { "type" : "uri", "value" : "http://dbpedia.org/resource/Template:Infobox_biography" } ,
      { "type" : "uri", "value" : "http://dbpedia.org/resource/Template:Authority_control" } ,
      { "type" : "uri", "value" : "http://dbpedia.org/resource/Template:Reflist" } ,
      { "type" : "uri", "value" : "http://dbpedia.org/resource/Template:Short_description" } ,
      { "type" : "uri", "value" : "http://dbpedia.org/resource/Template:Birth_date_and_age" } ] ,
    "http://dbpedia.org/property/date" : [ { "type" : "literal", "value" : "2016-03-03" , "datatype" : "http://www.w3.org/2001/XMLSchema#date" } ] ,
    "http://dbpedia.org/property/birthDate" : [ { "type" : "literal", "value" : "1953-07-31" , "datatype" : "http://www.w3.org/2001/XMLSchema#date" } ] ,
    "http://dbpedia.org/property/name" : [ { "type" : "literal", "value" : "Cora R\u00F3nai" , "lang" : "en" } ] ,
    "http://dbpedia.org/property/birthPlace" : [ { "type" : "uri", "value" : "http://dbpedia.org/resource/Brazil" } ,
      { "type" : "uri", "value" : "http://dbpedia.org/resource/Rio_de_Janeiro" } ] ,
    "http://dbpedia.org/ontology/birthPlace" : [ { "type" : "uri", "value" : "http://dbpedia.org/resource/Rio_de_Janeiro" } ,
      { "type" : "uri", "value" : "http://dbpedia.org/resource/Brazil" } ] ,
    "http://dbpedia.org/ontology/birthDate" : [ { "type" : "literal", "value" : "1953-07-31" , "datatype" : "http://www.w3.org/2001/XMLSchema#date" } ] ,
    "http://dbpedia.org/property/birthName" : [ { "type" : "literal", "value" : "Cora Tausz R\u00F3nai" , "lang" : "en" } ] ,
    "http://dbpedia.org/property/caption" : [ { "type" : "literal", "value" : "Cora R\u00F3nai in 2012" , "lang" : "en" } ] ,
    "http://dbpedia.org/property/url" : [ { "type" : "uri", "value" : "https://web.archive.org/web/20160303235604/http:/gshow.globo.com/programas/altas-horas/v2011/AltasHoras/Internas/0,,MUL1553924-17069,00-CORA+RONAI+FALA+SOBRE+A+IMPORTANCIA+DOS+SITES+DE+RELACIONAMENTOS.html" } ] ,
    "http://dbpedia.org/property/occupation" : [ { "type" : "literal", "value" : "journalist, writer, photographer" , "lang" : "en" } ] ,
    "http://xmlns.com/foaf/0.1/isPrimaryTopicOf" : [ { "type" : "uri", "value" : "http://en.wikipedia.org/wiki/Cora_R\u00F3nai" } ] ,
    "http://dbpedia.org/ontology/occupation" : [ { "type" : "uri", "value" : "http://dbpedia.org/resource/Cora_R\u00F3nai__PersonFunction__1" } ] ,
    "http://dbpedia.org/ontology/birthYear" : [ { "type" : "literal", "value" : "1953" , "datatype" : "http://www.w3.org/2001/XMLSchema#gYear" } ] ,
    "http://dbpedia.org/property/mother" : [ { "type" : "uri", "value" : "http://dbpedia.org/resource/Nora_Tausz_R\u00F3nai" } ] ,
    "http://dbpedia.org/ontology/partner" : [ { "type" : "uri", "value" : "http://dbpedia.org/resource/Mill\u00F4r_Fernandes" } ] ,
    "http://dbpedia.org/property/partner" : [ { "type" : "uri", "value" : "http://dbpedia.org/resource/Mill\u00F4r_Fernandes" } ] ,
    "http://dbpedia.org/ontology/birthName" : [ { "type" : "literal", "value" : "Cora Tausz R\u00F3nai" , "lang" : "en" } ] ,
    "http://dbpedia.org/property/father" : [ { "type" : "uri", "value" : "http://dbpedia.org/resource/Paulo_R\u00F3nai" } ] }
}
