{
  "http://en.wikipedia.org/wiki/Annick_Lepetit" : { "http://xmlns.com/foaf/0.1/primaryTopic" : [ { "type" : "uri", "value" : "http://dbpedia.org/resource/Annick_Lepetit" } ] } ,
  "http://dbpedia.org/resource/Annick_Lepetit" : { "http://www.w3.org/1999/02/22-rdf-syntax-ns#type" : [ { "type" : "uri", "value" : "http://www.wikidata.org/entity/Q19088" } ,
      { "type" : "uri", "value" : "http://www.w3.org/2002/07/owl#Thing" } ,
      { "type" : "uri", "value" : "http://www.wikidata.org/entity/Q215627" } ,
      { "type" : "uri", "value" : "http://dbpedia.org/ontology/Species" } ,
      { "type" : "uri", "value" : "http://xmlns.com/foaf/0.1/Person" } ,
      { "type" : "uri", "value" : "http://dbpedia.org/ontology/Animal" } ,
      { "type" : "uri", "value" : "http://schema.org/Person" } ,
      { "type" : "uri", "value" : "http://dbpedia.org/ontology/Eukaryote" } ,
      { "type" : "uri", "value" : "http://dbpedia.org/ontology/Person" } ,
      { "type" : "uri", "value" : "http://www.ontologydesignpatterns.org/ont/dul/DUL.owl#NaturalPerson" } ,
      { "type" : "uri", "value" : "http://www.wikidata.org/entity/Q82955" } ,
      { "type" : "uri", "value" : "http://www.wikidata.org/entity/Q729" } ,
      { "type" : "uri", "value" : "http://www.wikidata.org/entity/Q5" } ,
      { "type" : "uri", "value" : "http://dbpedia.org/ontology/Politician" } ] ,
    "http://www.w3.org/2002/07/owl#sameAs" : [ { "type" : "uri", "value" : "http://fr.dbpedia.org/resource/Annick_Lepetit" } ,
      { "type" : "uri", "value" : "http://www.wikidata.org/entity/Q2851591" } ,
      { "type" : "uri", "value" : "http://yago-knowledge.org/resource/Annick_Lepetit" } ,
      { "type" : "uri", "value" : "http://data.europa.eu/euodp/jrc-names/Annick_Lepetit" } ,
      { "type" : "uri", "value" : "http://dbpedia.org/resource/Annick_Lepetit" } ,
      { "type" : "uri", "value" : "https://global.dbpedia.org/id/2exc2" } ,
      { "type" : "uri", "value" : "http://viaf.org/viaf/231864056" } ,
      { "type" : "uri", "value" : "http://arz.dbpedia.org/resource/\u0627\u0646\u064A\u0643_\u0644\u064A\u067E\u064A\u062A\u064A\u062A" } ,
      { "type" : "uri", "value" : "http://rdf.freebase.com/ns/m.04zvsdc" } ] ,
    "http://xmlns.com/foaf/0.1/name" : [ { "type" : "literal", "value" : "Annick Lepetit" , "lang" : "en" } ] ,
    "http://www.w3.org/2000/01/rdf-schema#label" : [ { "type" : "literal", "value" : "Annick Lepetit" , "lang" : "en" } ,
      { "type" : "literal", "value" : "Annick Lepetit" , "lang" : "fr" } ] ,
    "http://purl.org/dc/terms/subject" : [ { "type" : "uri", "value" : "http://dbpedia.org/resource/Category:21st-century_French_women_politicians" } ,
      { "type" : "uri", "value" : "http://dbpedia.org/resource/Category:Deputies_of_the_14th_National_Assembly_of_the_French_Fifth_Republic" } ,
      { "type" : "uri", "value" : "http://dbpedia.org/resource/Category:Women_members_of_the_National_Assembly_(France)" } ,
      { "type" : "uri", "value" : "http://dbpedia.org/resource/Category:Deputies_of_the_13th_National_Assembly_of_the_French_Fifth_Republic" } ,
      { "type" : "uri", "value" : "http://dbpedia.org/resource/Category:Living_people" } ,
      { "type" : "uri", "value" : "http://dbpedia.org/resource/Category:Politicians_from_\u00CEle-de-France" } ,
      { "type" : "uri", "value" : "http://dbpedia.org/resource/Category:1958_births" } ,
      { "type" : "uri", "value" : "http://dbpedia.org/resource/Category:Politicians_from_Boulogne-Billancourt" } ,
      { "type" : "uri", "value" : "http://dbpedia.org/resource/Category:Socialist_Party_(France)_politicians" } ,
      { "type" : "uri", "value" : "http://dbpedia.org/resource/Category:Councillors_of_Paris" } ,
      { "type" : "uri", "value" : "http://dbpedia.org/resource/Category:Deputies_of_the_12th_National_Assembly_of_the_French_Fifth_Republic" } ] ,
    "http://xmlns.com/foaf/0.1/depiction" : [ { "type" : "uri", "value" : "http://commons.wikimedia.org/wiki/Special:FilePath/Annick_Lepetit_Gay_Pride_Paris_2008.jpg" } ] ,
    "http://www.w3.org/ns/prov#wasDerivedFrom" : [ { "type" : "uri", "value" : "http://en.wikipedia.org/wiki/Annick_Lepetit?oldid=1252160166&ns=0" } ] ,
    "http://dbpedia.org/ontology/wikiPageWikiLink" : [ { "type" : "uri", "value" : "http://dbpedia.org/resource/Paris" } ,
      { "type" : "uri", "value" : "http://dbpedia.org/resource/Council_of_Paris" } ,
      { "type" : "uri", "value" : "http://dbpedia.org/resource/Boulogne-Billancourt" } ,
      { "type" : "uri", "value" : "http://dbpedia.org/resource/Category:21st-century_French_women_politicians" } ,
      { "type" : "uri", "value" : "http://dbpedia.org/resource/Category:1958_births" } ,
      { "type" : "uri", "value" : "http://dbpedia.org/resource/18th_arrondissement_of_Paris" } ,
      { "type" : "uri", "value" : "http://dbpedia.org/resource/Bertrand_Delano\u00EB" } ,
      { "type" : "uri", "value" : "http://dbpedia.org/resource/Anne_Hidalgo" } ,
      { "type" : "uri", "value" : "http://dbpedia.org/resource/Category:Politicians_from_\u00CEle-de-France" } ,
      { "type" : "uri", "value" : "http://dbpedia.org/resource/National_Assembly_(France)" } ,
      { "type" : "uri", "value" : "http://dbpedia.org/resource/Paris's_17th_constituency" } ,
      { "type" : "uri", "value" : "http://dbpedia.org/resource/Category:Socialist_Party_(France)_politicians" } ,
      { "type" : "uri", "value" : "http://dbpedia.org/resource/Socialiste,_radical,_citoyen_et_divers_gauche" } ,
      { "type" : "uri", "value" : "http://dbpedia.org/resource/Category:Deputies_of_the_12th_National_Assembly_of_the_French_Fifth_Republic" } ,
      { "type" : "uri", "value" : "http://dbpedia.org/resource/Stanislas_Guerini" } ,
      { "type" : "uri", "value" : "http://dbpedia.org/resource/Socialist_Party_(France)" } ,
      { "type" : "uri", "value" : "http://dbpedia.org/resource/Category:Women_members_of_the_National_Assembly_(France)" } ,
      { "type" : "uri", "value" : "http://dbpedia.org/resource/Category:Living_people" } ,
      { "type" : "uri", "value" : "http://dbpedia.org/resource/Category:Councillors_of_Paris" } ,
      { "type" : "uri", "value" : "http://dbpedia.org/resource/Daniel_Vaillant" } ,
      { "type" : "uri", "value" : "http://dbpedia.org/resource/National_Assembly_of_France" } ,
      { "type" : "uri", "value" : "http://dbpedia.org/resource/Category:Deputies_of_the_13th_National_Assembly_of_the_French_Fifth_Republic" } ,
      { "type" : "uri", "value" : "http://dbpedia.org/resource/Category:People_from_Boulogne-Billancourt" } ,
      { "type" : "uri", "value" : "http://dbpedia.org/resource/Category:Deputies_of_the_14th_National_Assembly_of_the_French_Fifth_Republic" } ,
      { "type" : "uri", "value" : "http://dbpedia.org/resource/Mayor_(France)" } ,
      { "type" : "uri", "value" : "http://dbpedia.org/resource/France" } ] ,
    "http://dbpedia.org/ontology/description" : [ { "type" : "literal", "value" : "franz\u00F6sische Politikerin, Mitglied der Nationalversammlung" , "lang" : "de" } ,
      { "type" : "literal", "value" : "politiko franses" , "lang" : "pap" } ,
      { "type" : "literal", "value" : "\u09AB\u09B0\u09BE\u09B8\u09BF \u09B0\u09BE\u099C\u09A8\u09C0\u09A4\u09BF\u09AC\u09BF\u09A6" , "lang" : "bn" } ,
      { "type" : "literal", "value" : "pol\u00EDtica francesa" , "lang" : "gl" } ,
      { "type" : "literal", "value" : "\u0586\u0580\u0561\u0576\u057D\u056B\u0561\u0581\u056B \u0584\u0561\u0572\u0561\u0584\u0561\u056F\u0561\u0576 \u0563\u0578\u0580\u056E\u056B\u0579" , "lang" : "hy" } ,
      { "type" : "literal", "value" : "politica francese" , "lang" : "it" } ,
      { "type" : "literal", "value" : "politikane franceze" , "lang" : "sq" } ,
      { "type" : "literal", "value" : "fransk politiker" , "lang" : "sv" } ,
      { "type" : "literal", "value" : "pol\u00EDtica francesa" , "lang" : "es" } ,
      { "type" : "literal", "value" : "francuska polityk" , "lang" : "pl" } ,
      { "type" : "literal", "value" : "\u0633\u064A\u0627\u0633\u064A\u0629 \u0641\u0631\u0646\u0633\u064A\u0629" , "lang" : "ar" } ,
      { "type" : "literal", "value" : "polaiteoir Francach" , "lang" : "ga" } ,
      { "type" : "literal", "value" : "francouzsk\u00E1 politi\u010Dka" , "lang" : "cs" } ,
      { "type" : "literal", "value" : "ranskalainen poliitikko" , "lang" : "fi" } ,
      { "type" : "literal", "value" : "\u0633\u06CC\u0627\u0633\u062A\u200C\u0645\u062F\u0627\u0631 \u0641\u0631\u0627\u0646\u0633\u0648\u06CC" , "lang" : "fa" } ,
      { "type" : "literal", "value" : "Prantsusmaa poliitik" , "lang" : "et" } ,
      { "type" : "literal", "value" : "femme politique fran\u00E7aise" , "lang" : "fr" } ,
      { "type" : "literal", "value" : "fransk politiker" , "lang" : "da" } ,
      { "type" : "literal", "value" : "pol\u00EDtica francesa" , "lang" : "pt" } ,
      { "type" : "literal", "value" : "\u0393\u03B1\u03BB\u03BB\u03AF\u03B4\u03B1 \u03C0\u03BF\u03BB\u03B9\u03C4\u03B9\u03BA\u03CC\u03C2" , "lang" : "el" } ,
      { "type" : "literal", "value" : "politikari frantziarra" , "lang" : "eu" } ,
      { "type" : "literal", "value" : "\u0444\u0440\u0430\u043D\u0446\u0443\u0437\u044C\u043A\u0438\u0439 \u043F\u043E\u043B\u0456\u0442\u0438\u043A" , "lang" : "uk" } ,
      { "type" : "literal", "value" : "Frans\u0131z siyaset\u00E7i (d. 1958)" , "lang" : "tr" } ,
      { "type" : "literal", "value" : "French politician" , "lang" : "en" } ,
      { "type" : "literal", "value" : "pol\u00EDtica francesa" , "lang" : "ast" } ,
      { "type" : "literal", "value" : "frans\u00E9ische Politiker" , "lang" : "lb" } ,
      { "type" : "literal", "value" : "ch\u00EDnh tr\u1ECB gia ng\u01B0\u1EDDi Ph\u00E1p" , "lang" : "vi" } ,
      { "type" : "literal", "value" : "fransk politikar" , "lang" : "nn" } ,
      { "type" : "literal", "value" : "\u6CD5\u570B\u653F\u6CBB\u4EBA\u7269" , "lang" : "zh" } ,
      { "type" : "literal", "value" : "French siyaasa nira \u014Bun ny\u025B pa\u0263a" , "lang" : "dag" } ,
      { "type" : "literal", "value" : "politician\u0103 francez\u0103" , "lang" : "ro" } ,
      { "type" : "literal", "value" : "\u05E4\u05D5\u05DC\u05D9\u05D8\u05D9\u05E7\u05D0\u05D9\u05EA \u05E6\u05E8\u05E4\u05EA\u05D9\u05D9\u05D4" , "lang" : "iw" } ,
      { "type" : "literal", "value" : "pol\u00EDtica francesa" , "lang" : "ca" } ,
      { "type" : "literal", "value" : "\uD504\uB791\uC2A4 \uC815\uCE58\uC778" , "lang" : "ko" } ,
      { "type" : "literal", "value" : "\u30D5\u30E9\u30F3\u30B9\u306E\u653F\u6CBB\u5BB6" , "lang" : "ja" } ,
      { "type" : "literal", "value" : "Frans politica" , "lang" : "nl" } ] ,
    "http://dbpedia.org/ontology/thumbnail" : [ { "type" : "uri", "value" : "http://commons.wikimedia.org/wiki/Special:FilePath/Annick_Lepetit_Gay_Pride_Paris_2008.jpg?width=300" } ] ,
    "http://dbpedia.org/property/wikiPageUsesTemplate" : [ { "type" : "uri", "value" : "http://dbpedia.org/resource/Template:Authority_control" } ,
      { "type" : "uri", "value" : "http://dbpedia.org/resource/Template:Reflist" } ,
      { "type" : "uri", "value" : "http://dbpedia.org/resource/Template:Short_description" } ,
      { "type" : "uri", "value" : "http://dbpedia.org/resource/Template:Birth_date_and_age" } ,
      { "type" : "uri", "value" : "http://dbpedia.org/resource/Template:IPA" } ,
      { "type" : "uri", "value" : "http://dbpedia.org/resource/Template:Multiple_issues" } ,
      { "type" : "uri", "value" : "http://dbpedia.org/resource/Template:Expand_French" } ,
      { "type" : "uri", "value" : "http://dbpedia.org/resource/Template:France-politician-Socialist-stub" } ,
      { "type" : "uri", "value" : "http://dbpedia.org/resource/Template:Update" } ,
      { "type" : "uri", "value" : "http://dbpedia.org/resource/Template:BLP_sources" } ,
      { "type" : "uri", "value" : "http://dbpedia.org/resource/Template:Infobox_Politician" } ] ,
    "http://dbpedia.org/property/birthDate" : [ { "type" : "literal", "value" : "1958-03-31" , "datatype" : "http://www.w3.org/2001/XMLSchema#date" } ] ,
    "http://dbpedia.org/property/name" : [ { "type" : "literal", "value" : "Annick Lepetit" , "lang" : "en" } ] ,
    "http://dbpedia.org/property/birthPlace" : [ { "type" : "uri", "value" : "http://dbpedia.org/resource/France" } ,
      { "type" : "uri", "value" : "http://dbpedia.org/resource/Boulogne-Billancourt" } ] ,
    "http://dbpedia.org/ontology/birthPlace" : [ { "type" : "uri", "value" : "http://dbpedia.org/resource/France" } ,
      { "type" : "uri", "value" : "http://dbpedia.org/resource/Boulogne-Billancourt" } ] ,
    "http://dbpedia.org/ontology/birthDate" : [ { "type" : "literal", "value" : "1958-03-31" , "datatype" : "http://www.w3.org/2001/XMLSchema#date" } ] ,
    "http://dbpedia.org/property/caption" : [ { "type" : "literal", "value" : "Annick Lepetit in 2008" , "lang" : "en" } ] ,
    "http://dbpedia.org/property/1blankname" : [ { "type" : "literal", "value" : "Mayor" , "lang" : "en" } ] ,
    "http://purl.org/linguistics/gold/hypernym" : [ { "type" : "uri", "value" : "http://dbpedia.org/resource/Member" } ] ,
    "http://xmlns.com/foaf/0.1/isPrimaryTopicOf" : [ { "type" : "uri", "value" : "http://en.wikipedia.org/wiki/Annick_Lepetit" } ] ,
    "http://dbpedia.org/ontology/nationality" : [ { "type" : "uri", "value" : "http://dbpedia.org/resource/France" } ] ,
    "http://dbpedia.org/property/predecessor" : [ { "type" : "uri", "value" : "http://dbpedia.org/resource/Daniel_Vaillant" } ] ,
    "http://schema.org/sameAs" : [ { "type" : "uri", "value" : "http://viaf.org/viaf/231864056" } ] ,
    "http://dbpedia.org/property/1namedata" : [ { "type" : "uri", "value" : "http://dbpedia.org/resource/Bertrand_Delano\u00EB" } ,
      { "type" : "uri", "value" : "http://dbpedia.org/resource/Anne_Hidalgo" } ] ,
    "http://dbpedia.org/ontology/successor" : [ { "type" : "uri", "value" : "http://dbpedia.org/resource/Stanislas_Guerini" } ,
      { "type" : "uri", "value" : "http://dbpedia.org/resource/Daniel_Vaillant" } ] ,
    "http://dbpedia.org/property/office" : [ { "type" : "literal", "value" : "Mayor of the 18th arrondissement of Paris" , "lang" : "en" } ,
      { "type" : "literal", "value" : "Member of the National Assembly for Paris's 17th constituency" , "lang" : "en" } ,
      { "type" : "literal", "value" : "Member of the Council of Paris" , "lang" : "en" } ] ,
    "http://dbpedia.org/property/successor" : [ { "type" : "literal", "value" : "Daniel Vaillant" , "lang" : "en" } ,
      { "type" : "uri", "value" : "http://dbpedia.org/resource/Stanislas_Guerini" } ] ,
    "http://dbpedia.org/property/termEnd" : [ { "type" : "literal", "value" : 2003 , "datatype" : "http://www.w3.org/2001/XMLSchema#integer" } ,
      { "type" : "literal", "value" : 2017 , "datatype" : "http://www.w3.org/2001/XMLSchema#integer" } ] ,
    "http://dbpedia.org/property/termStart" : [ { "type" : "literal", "value" : "2001-03-25" , "datatype" : "http://www.w3.org/2001/XMLSchema#date" } ,
      { "type" : "literal", "value" : 2001 , "datatype" : "http://www.w3.org/2001/XMLSchema#integer" } ,
      { "type" : "literal", "value" : 2003 , "datatype" : "http://www.w3.org/2001/XMLSchema#integer" } ] ,
    "http://dbpedia.org/ontology/activeYearsStartDate" : [ { "type" : "literal", "value" : "2001-03-25" , "datatype" : "http://www.w3.org/2001/XMLSchema#date" } ] ,
    "http://dbpedia.org/property/party" : [ { "type" : "uri", "value" : "http://dbpedia.org/resource/Socialist_Party_(France)" } ] ,
    "http://dbpedia.org/ontology/party" : [ { "type" : "uri", "value" : "http://dbpedia.org/resource/Socialist_Party_(France)" } ] ,
    "http://dbpedia.org/property/education" : [ { "type" : "literal", "value" : "Centre de formation et de perfectionnement des journalistes" , "lang" : "en" } ] ,
    "http://dbpedia.org/ontology/orderInOffice" : [ { "type" : "literal", "value" : "Member of theCouncil of Paris" } ] ,
    "http://dbpedia.org/property/nationality" : [ { "type" : "uri", "value" : "http://dbpedia.org/resource/France" } ] ,
    "http://dbpedia.org/ontology/office" : [ { "type" : "literal", "value" : "Member of theNational AssemblyforParis's 17th constituency" } ,
      { "type" : "literal", "value" : "Mayorof the18th arrondissement of Paris" } ] } ,
  "http://dbpedia.org/resource/Daniel_Vaillant" : { "http://dbpedia.org/ontology/wikiPageWikiLink" : [ { "type" : "uri", "value" : "http://dbpedia.org/resource/Annick_Lepetit" } ] } ,
  "http://dbpedia.org/resource/Patrick_Klugman" : { "http://dbpedia.org/ontology/wikiPageWikiLink" : [ { "type" : "uri", "value" : "http://dbpedia.org/resource/Annick_Lepetit" } ] } ,
  "http://dbpedia.org/resource/Paris's_17th_constituency" : { "http://dbpedia.org/ontology/wikiPageWikiLink" : [ { "type" : "uri", "value" : "http://dbpedia.org/resource/Annick_Lepetit" } ] ,
    "http://dbpedia.org/property/candidate" : [ { "type" : "uri", "value" : "http://dbpedia.org/resource/Annick_Lepetit" } ] } ,
  "http://dbpedia.org/resource/Paris's_3rd_constituency" : { "http://dbpedia.org/ontology/wikiPageWikiLink" : [ { "type" : "uri", "value" : "http://dbpedia.org/resource/Annick_Lepetit" } ] ,
    "http://dbpedia.org/property/candidate" : [ { "type" : "uri", "value" : "http://dbpedia.org/resource/Annick_Lepetit" } ] } ,
  "http://dbpedia.org/resource/Same-sex_marriage_in_France" : { "http://dbpedia.org/ontology/wikiPageWikiLink" : [ { "type" : "uri", "value" : "http://dbpedia.org/resource/Annick_Lepetit" } ] } ,
  "http://dbpedia.org/resource/Deputies_of_the_12th_National_Assembly_of_France_by_constituency" : { "http://dbpedia.org/ontology/wikiPageWikiLink" : [ { "type" : "uri", "value" : "http://dbpedia.org/resource/Annick_Lepetit" } ] } ,
  "http://dbpedia.org/resource/List_of_French_senators_(2008\u20132011)" : { "http://dbpedia.org/ontology/wikiPageWikiLink" : [ { "type" : "uri", "value" : "http://dbpedia.org/resource/Annick_Lepetit" } ] } ,
  "http://dbpedia.org/resource/List_of_deputies_of_the_13th_National_Assembly_of_France" : { "http://dbpedia.org/ontology/wikiPageWikiLink" : [ { "type" : "uri", "value" : "http://dbpedia.org/resource/Annick_Lepetit" } ] } ,
  "http://dbpedia.org/resource/2017_French_legislative_election" : { "http://dbpedia.org/ontology/wikiPageWikiLink" : [ { "type" : "uri", "value" : "http://dbpedia.org/resource/Annick_Lepetit" } ] } ,
  "http://dbpedia.org/resource/List_of_MPs_who_lost_their_seat_in_the_2017_French_legislative_election" : { "http://dbpedia.org/ontology/wikiPageWikiLink" : [ { "type" : "uri", "value" : "http://dbpedia.org/resource/Annick_Lepetit" } ] } ,
  "http://dbpedia.org/resource/Rosa_Parks_station_(Paris)" : { "http://dbpedia.org/ontology/wikiPageWikiLink" : [ { "type" : "uri", "value" : "http://dbpedia.org/resource/Annick_Lepetit" } ] } ,
  "http://dbpedia.org/resource/Julien_Bargeton" : { "http://dbpedia.org/ontology/wikiPageWikiLink" : [ { "type" : "uri", "value" : "http://dbpedia.org/resource/Annick_Lepetit" } ] } ,
  "http://dbpedia.org/resource/2008_Paris_municipal_election" : { "http://dbpedia.org/ontology/wikiPageWikiLink" : [ { "type" : "uri", "value" : "http://dbpedia.org/resource/Annick_Lepetit" } ] ,
    "http://dbpedia.org/property/candidate" : [ { "type" : "uri", "value" : "http://dbpedia.org/resource/Annick_Lepetit" } ] } ,
  "http://dbpedia.org/resource/List_of_deputies_of_the_12th_National_Assembly_of_France" : { "http://dbpedia.org/ontology/wikiPageWikiLink" : [ { "type" : "uri", "value" : "http://dbpedia.org/resource/Annick_Lepetit" } ] } ,
  "http://dbpedia.org/resource/Martine_Aurillac" : { "http://dbpedia.org/ontology/wikiPageWikiLink" : [ { "type" : "uri", "value" : "http://dbpedia.org/resource/Annick_Lepetit" } ] ,
    "http://dbpedia.org/property/successor" : [ { "type" : "uri", "value" : "http://dbpedia.org/resource/Annick_Lepetit" } ] } ,
  "http://dbpedia.org/resource/Bahia_Bakari" : { "http://dbpedia.org/ontology/wikiPageWikiLink" : [ { "type" : "uri", "value" : "http://dbpedia.org/resource/Annick_Lepetit" } ] } ,
  "http://dbpedia.org/resource/Stanislas_Guerini" : { "http://dbpedia.org/ontology/wikiPageWikiLink" : [ { "type" : "uri", "value" : "http://dbpedia.org/resource/Annick_Lepetit" } ] ,
    "http://dbpedia.org/property/predecessor" : [ { "type" : "uri", "value" : "http://dbpedia.org/resource/Annick_Lepetit" } ] } ,
  "http://dbpedia.org/resource/List_of_Paris_councillors" : { "http://dbpedia.org/ontology/wikiPageWikiLink" : [ { "type" : "uri", "value" : "http://dbpedia.org/resource/Annick_Lepetit" } ] } ,
  "http://dbpedia.org/resource/Stanislas_Guerini__Tenure__3" : { "http://dbpedia.org/ontology/predecessor" : [ { "type" : "uri", "value" : "http://dbpedia.org/resource/Annick_Lepetit" } ] } ,
  "http://dbpedia.org/resource/Daniel_Vaillant__Tenure__7" : { "http://dbpedia.org/ontology/predecessor" : [ { "type" : "uri", "value" : "http://dbpedia.org/resource/Annick_Lepetit" } ] } ,
  "http://dbpedia.org/resource/Martine_Aurillac__Tenure__2" : { "http://dbpedia.org/ontology/successor" : [ { "type" : "uri", "value" : "http://dbpedia.org/resource/Annick_Lepetit" } ] } ,
  "http://dbpedia.org/resource/List_of_by-elections_to_the_National_Assembly_(France)" : { "http://dbpedia.org/ontology/wikiPageWikiLink" : [ { "type" : "uri", "value" : "http://dbpedia.org/resource/Annick_Lepetit" } ] }
}
